{"id":223,"__str__":"PORT N\u00ba 002/2019 - PORTARIA","link_detail_backend":"/docadm/223","metadata":{},"numero":2,"complemento":"","ano":2019,"data":"2019-01-02","interessado":"","dias_prazo":null,"data_fim_prazo":null,"tramitacao":false,"assunto":"Nomea\u00e7\u00e3o de Hugo Costa Alves para o cargo de Auxiliar de Servi\u00e7os Gerais.","numero_externo":null,"observacao":"","texto_integral":"http://sapl.viscondedoriobranco.mg.leg.br/media/sapl/private/documentoadministrativo/223/portaria002.pdf","restrito":false,"ip":"186.225.72.27","ultima_edicao":"2021-02-23T09:14:52.938212-03:00","tipo":4,"protocolo":null,"autor":null,"user":28,"anexados":[],"materiasvinculadas":[]}