{"id":5545,"__str__":"Parecer Educa\u00e7\u00e3o, Sa\u00fade, Cultura, D.H e Ass. Com. n\u00ba 10 de 2023 | Proposi\u00e7\u00e3o inclusa na Ordem do Dia | 07/11/2023","link_detail_backend":"/materia/tramitacao/5545","metadata":{},"timestamp":"2023-11-07T14:28:43.215817-03:00","data_tramitacao":"2023-11-07","data_encaminhamento":"2023-11-07","urgente":false,"turno":"","texto":"PROPOSI\u00c7\u00c3O PARA DISCUSS\u00c3O E VOTA\u00c7\u00c3O- REUNI\u00c3O ORDIN\u00c1RIA 07/11/2023.","data_fim_prazo":null,"ip":"186.225.70.76","ultima_edicao":"2023-11-07T14:28:21.090775-03:00","status":3,"materia":4625,"unidade_tramitacao_local":1,"unidade_tramitacao_destino":13,"user":37}