{"id":4660,"__str__":"Emenda Aditiva n\u00ba 8 de 2023 | Proposi\u00e7\u00e3o inclusa na Ordem do Dia | 05/09/2023","link_detail_backend":"/materia/tramitacao/4660","metadata":{},"timestamp":"2023-09-05T11:42:32.452518-03:00","data_tramitacao":"2023-09-05","data_encaminhamento":"2023-09-05","urgente":false,"turno":"","texto":"PROPOSI\u00c7\u00c3O INCLUSA NA ORDEM DO DIA-REUNI\u00c3O ORDIN\u00c1RIA 05/09","data_fim_prazo":null,"ip":"186.225.69.58","ultima_edicao":"2023-09-05T11:46:06.429419-03:00","status":3,"materia":4420,"unidade_tramitacao_local":2,"unidade_tramitacao_destino":13,"user":37}