{"id":4191,"__str__":"Indica\u00e7\u00e3o n\u00ba 248 de 2023 | Proposi\u00e7\u00e3o inclusa na Ordem do Dia | 23/06/2023","link_detail_backend":"/materia/tramitacao/4191","metadata":{},"timestamp":"2023-06-23T14:36:04.326974-03:00","data_tramitacao":"2023-06-23","data_encaminhamento":"2023-06-27","urgente":false,"turno":"","texto":"PROPOSI\u00c7\u00c3O INCLUSA NA ORDEM DO DIA- REUNI\u00c3O ORD.  27/06/23","data_fim_prazo":null,"ip":"186.225.69.69","ultima_edicao":"2023-06-23T14:35:51.866763-03:00","status":3,"materia":4310,"unidade_tramitacao_local":2,"unidade_tramitacao_destino":13,"user":37}