{"id":14794,"__str__":"Parecer Legisla\u00e7\u00e3o, Justi\u00e7a e Reda\u00e7\u00e3o Final n\u00ba 97 de 2025 | Proposi\u00e7\u00e3o inclusa na Ordem do Dia | 30/01/2026","link_detail_backend":"/materia/tramitacao/14794","metadata":{},"timestamp":"2026-01-30T08:52:19.985174-03:00","data_tramitacao":"2026-01-30","data_encaminhamento":"2026-01-30","urgente":false,"turno":"","texto":"Proposi\u00e7\u00e3o encaminhada para plen\u00e1rio.","data_fim_prazo":"2026-01-30","ip":"186.225.69.77","ultima_edicao":"2026-01-30T08:52:19.481968-03:00","status":3,"materia":6971,"unidade_tramitacao_local":13,"unidade_tramitacao_destino":4,"user":35}