{"id":13294,"__str__":"Of\u00edcio de Retirada n\u00ba 28 de 2025 | Proposi\u00e7\u00e3o inclusa na Ordem do Dia | 29/08/2025","link_detail_backend":"/materia/tramitacao/13294","metadata":{},"timestamp":"2025-08-29T10:02:04.629928-03:00","data_tramitacao":"2025-08-29","data_encaminhamento":"2025-08-29","urgente":false,"turno":"","texto":"Proposi\u00e7\u00e3o encaminhada para o plen\u00e1rio.","data_fim_prazo":null,"ip":"186.225.69.204","ultima_edicao":"2025-10-02T15:55:17.423302-03:00","status":3,"materia":6671,"unidade_tramitacao_local":2,"unidade_tramitacao_destino":4,"user":35}