{"id":13089,"__str__":"Requerimento n\u00ba 102 de 2025 | Proposi\u00e7\u00e3o rejeitada pelo Plen\u00e1rio | 08/08/2025","link_detail_backend":"/materia/tramitacao/13089","metadata":{},"timestamp":"2025-08-08T09:22:55.609707-03:00","data_tramitacao":"2025-08-08","data_encaminhamento":"2025-08-08","urgente":false,"turno":"","texto":"Proposi\u00e7\u00e3o rejeitada pelo Plen\u00e1rio.","data_fim_prazo":"2025-08-08","ip":"186.225.69.191","ultima_edicao":"2025-08-08T09:22:07.412856-03:00","status":10,"materia":6644,"unidade_tramitacao_local":2,"unidade_tramitacao_destino":2,"user":37}