{"id":12931,"__str__":"Parecer Educa\u00e7\u00e3o, Sa\u00fade, Cultura, D.H e Ass. Com. n\u00ba 28 de 2025 | Proposi\u00e7\u00e3o inclusa na Ordem do Dia | 10/07/2025","link_detail_backend":"/materia/tramitacao/12931","metadata":{},"timestamp":"2025-07-10T16:01:10.679224-03:00","data_tramitacao":"2025-07-10","data_encaminhamento":"2025-07-10","urgente":false,"turno":"","texto":"Proposi\u00e7\u00e3o inclusa na ordem do dia.","data_fim_prazo":"2025-07-10","ip":"186.225.69.191","ultima_edicao":"2025-07-10T16:00:51.988175-03:00","status":3,"materia":6572,"unidade_tramitacao_local":2,"unidade_tramitacao_destino":2,"user":37}