{"id":12596,"__str__":"Requerimento n\u00ba 92 de 2025 | Proposi\u00e7\u00e3o inclusa na Ordem do Dia | 06/06/2025","link_detail_backend":"/materia/tramitacao/12596","metadata":{},"timestamp":"2025-06-06T09:49:35.335532-03:00","data_tramitacao":"2025-06-06","data_encaminhamento":"2025-06-06","urgente":false,"turno":"","texto":"Proposi\u00e7\u00e3o encaminhada para o plen\u00e1rio.","data_fim_prazo":"2025-06-06","ip":"186.225.69.226","ultima_edicao":"2025-06-06T09:49:34.793540-03:00","status":3,"materia":6514,"unidade_tramitacao_local":2,"unidade_tramitacao_destino":4,"user":35}