{"id":10562,"__str__":"Indica\u00e7\u00e3o n\u00ba 28 de 2018 | Proposi\u00e7\u00e3o inclusa na Ordem do Dia | 06/02/2025","link_detail_backend":"/materia/tramitacao/10562","metadata":{},"timestamp":"2025-02-06T14:16:16.099194-03:00","data_tramitacao":"2025-02-06","data_encaminhamento":"2025-02-06","urgente":false,"turno":"","texto":"PROPOSI\u00c7\u00c3O ENVIADA PARA O PLEN\u00c1RIO","data_fim_prazo":null,"ip":"186.225.70.119","ultima_edicao":"2025-02-06T14:15:48.731273-03:00","status":3,"materia":834,"unidade_tramitacao_local":2,"unidade_tramitacao_destino":4,"user":35}