{"id":7724,"__str__":"Mo\u00e7\u00e3o de Pesar n\u00ba 13 de 2026","link_detail_backend":"/materia/7724","metadata":{"signs":{"texto_original":{"admin":[],"autores":[["Robson-Nei Renier Capobiango",["2026-03-31T07:52:36-03:00","C\u00e2mara Municipal de Visconde do Rio Branco-MG"]]]}}},"numero":13,"ano":2026,"numero_protocolo":7980,"data_apresentacao":"2026-03-31","tipo_apresentacao":"","data_publicacao":null,"numero_origem_externa":"","ano_origem_externa":null,"data_origem_externa":null,"apelido":"","dias_prazo":null,"data_fim_prazo":null,"em_tramitacao":true,"polemica":false,"objeto":"","complementar":false,"ementa":"MO\u00c7\u00c3O DE PESAR \u00c0 FAM\u00cdLIA PELO FALECIMENTO DE ORI\u00c1TON DE OLIVEIRA ANTONUCCI, OCORRIDO NO DIA 29 DE MAR\u00c7O DE 2026.","indexacao":"","observacao":"","resultado":"","texto_original":"http://sapl.viscondedoriobranco.mg.leg.br/media/sapl/public/materialegislativa/2026/7724/8-mocao_de_pesar_oriaton.pdf","data_ultima_atualizacao":"2026-04-06T13:42:57.712785-03:00","ip":"","ultima_edicao":null,"tipo":7,"regime_tramitacao":1,"tipo_origem_externa":null,"local_origem_externa":null,"user":null,"anexadas":[],"autores":[92]}