{"id":7700,"__str__":"Projeto de Lei Ordin\u00e1ria n\u00ba 2291 de 2026","link_detail_backend":"/materia/7700","metadata":{"signs":{"texto_original":{"admin":[],"autores":[["Robson-Nei Renier Capobiango",["2026-03-20T15:29:06-03:00","C\u00e2mara Municipal de Visconde do Rio Branco-MG"]]]}}},"numero":2291,"ano":2026,"numero_protocolo":7958,"data_apresentacao":"2026-03-20","tipo_apresentacao":"","data_publicacao":null,"numero_origem_externa":"","ano_origem_externa":null,"data_origem_externa":null,"apelido":"","dias_prazo":null,"data_fim_prazo":null,"em_tramitacao":true,"polemica":false,"objeto":"","complementar":false,"ementa":"Disp\u00f5e sobre a denomina\u00e7\u00e3o do espa\u00e7o do Audit\u00f3rio \u201cJotta Barroso\u201d tamb\u00e9m como \u201cAnfiteatro Maestro Tito Vianna\u201d, no \u00e2mbito do Munic\u00edpio de Visconde do Rio Branco, e d\u00e1 outras provid\u00eancias.","indexacao":"","observacao":"","resultado":"","texto_original":"http://sapl.viscondedoriobranco.mg.leg.br/media/sapl/public/materialegislativa/2026/7700/projeto_maestro.pdf","data_ultima_atualizacao":"2026-03-27T14:26:39.142660-03:00","ip":"","ultima_edicao":null,"tipo":1,"regime_tramitacao":1,"tipo_origem_externa":null,"local_origem_externa":null,"user":null,"anexadas":[],"autores":[92]}