{"id":7487,"__str__":"Requerimento n\u00ba 14 de 2026","link_detail_backend":"/materia/7487","metadata":{},"numero":14,"ano":2026,"numero_protocolo":7782,"data_apresentacao":"2026-02-10","tipo_apresentacao":"","data_publicacao":null,"numero_origem_externa":"","ano_origem_externa":null,"data_origem_externa":null,"apelido":"","dias_prazo":null,"data_fim_prazo":null,"em_tramitacao":true,"polemica":false,"objeto":"","complementar":false,"ementa":"REQUER AO SR. PREFEITO MUNICIPAL A ADO\u00c7\u00c3O, COM A M\u00c1XIMA URG\u00caNCIA, DAS PROVID\u00caNCIAS NECESS\u00c1RIAS \u00c0 SOLU\u00c7\u00c3O DA SITUA\u00c7\u00c3O DAS AUXILIARES DE EDUCA\u00c7\u00c3O QUE ATUAM NA REDE MUNICIPAL DE EDUCA\u00c7\u00c3O INFANTIL.","indexacao":"","observacao":"","resultado":"","texto_original":"http://sapl.viscondedoriobranco.mg.leg.br/media/sapl/public/materialegislativa/2026/7487/req._14-2026_comissao_de_vereadores.pdf","data_ultima_atualizacao":"2026-02-19T10:35:34.925948-03:00","ip":"","ultima_edicao":null,"tipo":3,"regime_tramitacao":1,"tipo_origem_externa":null,"local_origem_externa":null,"user":null,"anexadas":[],"autores":[16,89,90,5,78,79,88,91,18,30,92]}