{"id":7470,"__str__":"Indica\u00e7\u00e3o n\u00ba 55 de 2026","link_detail_backend":"/materia/7470","metadata":{"signs":{"texto_original":{"admin":[],"autores":[["Nome do Assinante N\u00e3o Localizado.",["2026-02-05T14:23:40-03:00","Vereador"]]]}}},"numero":55,"ano":2026,"numero_protocolo":7765,"data_apresentacao":"2026-02-05","tipo_apresentacao":"","data_publicacao":null,"numero_origem_externa":"","ano_origem_externa":null,"data_origem_externa":null,"apelido":"","dias_prazo":null,"data_fim_prazo":null,"em_tramitacao":false,"polemica":false,"objeto":"","complementar":false,"ementa":"SUGERE \u00c0 PREFEITURA A REFORMA, ORGANIZA\u00c7\u00c3O E ABERTURA DO PARQUE DE EXPOSI\u00c7\u00d5ES M\u00c1RIO BOUCHARDDET COMO ESPA\u00c7O P\u00daBLICO DE LAZER E CONVIV\u00caNCIA, ESPECIALMENTE NOS FINAIS DE SEMANA.","indexacao":"","observacao":"","resultado":"","texto_original":"http://sapl.viscondedoriobranco.mg.leg.br/media/sapl/public/materialegislativa/2026/7470/ind._2026_-_guilherme.pdf","data_ultima_atualizacao":"2026-02-11T13:40:40.009922-03:00","ip":"","ultima_edicao":null,"tipo":8,"regime_tramitacao":1,"tipo_origem_externa":null,"local_origem_externa":null,"user":null,"anexadas":[],"autores":[78]}