{"id":7469,"__str__":"Indica\u00e7\u00e3o n\u00ba 54 de 2026","link_detail_backend":"/materia/7469","metadata":{"signs":{"texto_original":{"admin":[],"autores":[["Nome do Assinante N\u00e3o Localizado.",["2026-02-05T14:21:20-03:00","Vereador"]]]}}},"numero":54,"ano":2026,"numero_protocolo":7764,"data_apresentacao":"2026-02-05","tipo_apresentacao":"","data_publicacao":null,"numero_origem_externa":"","ano_origem_externa":null,"data_origem_externa":null,"apelido":"","dias_prazo":null,"data_fim_prazo":null,"em_tramitacao":false,"polemica":false,"objeto":"","complementar":false,"ementa":"SUGERE \u00c0 PREFEITURA A IMPLANTA\u00c7\u00c3O DE PONTO DE \u00d4NIBUS E A ADEQUA\u00c7\u00c3O DO ITINER\u00c1RIO DO TRANSPORTE COLETIVO EM FRENTE AO POSTO DE SA\u00daDE DA COL\u00d4NIA (MARINHO DE ALMEIDA).","indexacao":"","observacao":"","resultado":"","texto_original":"http://sapl.viscondedoriobranco.mg.leg.br/media/sapl/public/materialegislativa/2026/7469/ind._2026_-_guilherme.pdf","data_ultima_atualizacao":"2026-02-11T13:39:17.887194-03:00","ip":"","ultima_edicao":null,"tipo":8,"regime_tramitacao":1,"tipo_origem_externa":null,"local_origem_externa":null,"user":null,"anexadas":[],"autores":[78]}