{"id":7201,"__str__":"Indica\u00e7\u00e3o n\u00ba 692 de 2025","link_detail_backend":"/materia/7201","metadata":{"signs":{"texto_original":{"admin":[],"autores":[["Cl\u00e1udio Roberto de Castro",["2025-11-13T09:51:48-03:00","C\u00e2mara Municipal de Visconde do Rio Branco-MG"]]]}}},"numero":692,"ano":2025,"numero_protocolo":7516,"data_apresentacao":"2025-11-13","tipo_apresentacao":"","data_publicacao":null,"numero_origem_externa":"","ano_origem_externa":null,"data_origem_externa":null,"apelido":"","dias_prazo":null,"data_fim_prazo":null,"em_tramitacao":false,"polemica":false,"objeto":"","complementar":false,"ementa":"SUGERE AO SENHOR PREFEITO QUE SEJA FEITO PAVIMENTA\u00c7\u00c3O ASF\u00c1LTICA NA RUA JAIR DIAS BICALHO, RANCHO VERDE I, PR\u00d3XIMO AO CENTRO\r\nCOMUNIT\u00c1RIO.","indexacao":"","observacao":"","resultado":"","texto_original":"http://sapl.viscondedoriobranco.mg.leg.br/media/sapl/public/materialegislativa/2025/7201/rua_jair_dias_bicalho.pdf","data_ultima_atualizacao":"2025-11-19T14:42:14.241841-03:00","ip":"","ultima_edicao":null,"tipo":8,"regime_tramitacao":1,"tipo_origem_externa":null,"local_origem_externa":null,"user":null,"anexadas":[],"autores":[89]}