{"id":6792,"__str__":"Indica\u00e7\u00e3o n\u00ba 516 de 2025","link_detail_backend":"/materia/6792","metadata":{"signs":{"texto_original":{"admin":[],"autores":[["Jo\u00e3o Batista de Freitas do Nascimento",["2025-08-28T11:35:39-03:00","C\u00e2mara Municipal de Visconde do Rio Branco"]]]}}},"numero":516,"ano":2025,"numero_protocolo":7173,"data_apresentacao":"2025-08-28","tipo_apresentacao":"","data_publicacao":null,"numero_origem_externa":"","ano_origem_externa":null,"data_origem_externa":null,"apelido":"","dias_prazo":null,"data_fim_prazo":null,"em_tramitacao":false,"polemica":false,"objeto":"","complementar":false,"ementa":"SUGERE AO SR. PREFEITO QUE SEJA REPARADO O ASFALTO NA AVENIDA S\u00c3O JO\u00c3O BATISTA, PR\u00d3XIMO A LANCHONETE BOM DEMAIS (TRAILLER DO CELSO).","indexacao":"","observacao":"","resultado":"","texto_original":"http://sapl.viscondedoriobranco.mg.leg.br/media/sapl/public/materialegislativa/2025/6792/ind.____-2025_-_tapa_buracos_av._sao_joao_batista.pdf","data_ultima_atualizacao":"2025-09-05T14:05:30.274000-03:00","ip":"","ultima_edicao":null,"tipo":8,"regime_tramitacao":1,"tipo_origem_externa":null,"local_origem_externa":null,"user":null,"anexadas":[],"autores":[79]}