{"id":6697,"__str__":"Requerimento n\u00ba 110 de 2025","link_detail_backend":"/materia/6697","metadata":{"signs":{"texto_original":{"admin":[],"autores":[["Nome do Assinante N\u00e3o Localizado.",["2025-08-07T13:55:59-03:00","Vereador"]]]}}},"numero":110,"ano":2025,"numero_protocolo":7091,"data_apresentacao":"2025-08-07","tipo_apresentacao":"","data_publicacao":null,"numero_origem_externa":"","ano_origem_externa":null,"data_origem_externa":null,"apelido":"","dias_prazo":null,"data_fim_prazo":null,"em_tramitacao":false,"polemica":false,"objeto":"","complementar":false,"ementa":"REQUER AO PODER LEGISLATIVO A CRIA\u00c7\u00c3O DE COMISS\u00c3O ESPECIAL E A REALIZA\u00c7\u00c3O DE AUDI\u00caNCIA P\u00daBLICA PARA DEBATER A IMPLANTA\u00c7\u00c3O DA ESCALA DE TRABALHO 6X1 NO MUNIC\u00cdPIO.","indexacao":"","observacao":"","resultado":"","texto_original":"http://sapl.viscondedoriobranco.mg.leg.br/media/sapl/public/materialegislativa/2025/6697/req._2025_-_guilherme.pdf","data_ultima_atualizacao":"2025-08-13T14:02:58.392569-03:00","ip":"186.225.70.137","ultima_edicao":"2025-08-13T09:57:39.888263-03:00","tipo":3,"regime_tramitacao":1,"tipo_origem_externa":null,"local_origem_externa":null,"user":40,"anexadas":[],"autores":[78]}