{"id":6676,"__str__":"Indica\u00e7\u00e3o n\u00ba 453 de 2025","link_detail_backend":"/materia/6676","metadata":{"signs":{"texto_original":{"admin":[],"autores":[["Jo\u00e3o Batista de Freitas do Nascimento",["2025-08-06T16:06:16-03:00","C\u00e2mara Municipal de Visconde do Rio Branco"]]]}}},"numero":453,"ano":2025,"numero_protocolo":7070,"data_apresentacao":"2025-08-07","tipo_apresentacao":"","data_publicacao":null,"numero_origem_externa":"","ano_origem_externa":null,"data_origem_externa":null,"apelido":"","dias_prazo":null,"data_fim_prazo":null,"em_tramitacao":false,"polemica":false,"objeto":"","complementar":false,"ementa":"SUGERE AO SR. PREFEITO QUE SEJA REALIZADA UMA OPERA\u00c7\u00c3O TAPA BURACOS NA AVENIDA ZUMBI DOS PALMARES, PR\u00d3XIMO A EMPRESA MATOS E LOPES.","indexacao":"","observacao":"","resultado":"","texto_original":"http://sapl.viscondedoriobranco.mg.leg.br/media/sapl/public/materialegislativa/2025/6676/ind.__-2025_-_operacao_tapa_buracos_av._zumbi_dos_palmares.pdf","data_ultima_atualizacao":"2025-08-13T13:54:39.402236-03:00","ip":"","ultima_edicao":null,"tipo":8,"regime_tramitacao":1,"tipo_origem_externa":null,"local_origem_externa":null,"user":null,"anexadas":[],"autores":[79]}