{"id":6571,"__str__":"Parecer Educa\u00e7\u00e3o, Sa\u00fade, Cultura, D.H e Ass. Com. n\u00ba 27 de 2025","link_detail_backend":"/materia/6571","metadata":{"signs":{"texto_original":{"admin":[],"autores":[["Jos\u00e9 Silvino Reis de Bittencourt",["2025-06-25T14:34:10-03:00","C\u00e2mara Municipal de Visconde do Rio Branco-MG"]],["Nome do Assinante N\u00e3o Localizado.",["2025-06-25T13:57:09-03:00","Vereador"]]]}}},"numero":27,"ano":2025,"numero_protocolo":null,"data_apresentacao":"2025-06-26","tipo_apresentacao":"E","data_publicacao":"2025-06-26","numero_origem_externa":"","ano_origem_externa":2025,"data_origem_externa":"2025-06-26","apelido":"","dias_prazo":null,"data_fim_prazo":"2025-06-26","em_tramitacao":true,"polemica":false,"objeto":"","complementar":true,"ementa":"Parecer favor\u00e1vel PLO 2213/2025.","indexacao":"","observacao":"","resultado":"","texto_original":"http://sapl.viscondedoriobranco.mg.leg.br/media/sapl/public/materialegislativa/2025/6571/parecer_do_pl_2213-2025_-_relator_guilherme_-_educacao_e_outros.pdf","data_ultima_atualizacao":"2025-07-10T16:00:42.224610-03:00","ip":"186.225.70.240","ultima_edicao":"2025-06-26T10:46:45.203338-03:00","tipo":20,"regime_tramitacao":1,"tipo_origem_externa":20,"local_origem_externa":null,"user":37,"anexadas":[6452],"autores":[26]}