{"id":6556,"__str__":"Indica\u00e7\u00e3o n\u00ba 417 de 2025","link_detail_backend":"/materia/6556","metadata":{"signs":{"texto_original":{"admin":[],"autores":[["Nome do Assinante N\u00e3o Localizado.",["2025-06-12T11:46:40-03:00","Vereador"]]]}}},"numero":417,"ano":2025,"numero_protocolo":6969,"data_apresentacao":"2025-06-12","tipo_apresentacao":"","data_publicacao":null,"numero_origem_externa":"","ano_origem_externa":null,"data_origem_externa":null,"apelido":"","dias_prazo":null,"data_fim_prazo":null,"em_tramitacao":false,"polemica":false,"objeto":"","complementar":false,"ementa":"SUGERE \u00c0 PREFEITURA A REGULARIZA\u00c7\u00c3O DO CADASTRO DE TODAS AS ESTRADAS VICINAIS DO MUNIC\u00cdPIO JUNTO AO DER-MG, COM O OBJETIVO DE GARANTIR RECONHECIMENTO OFICIAL E FACILITAR O ACESSO A MELHORIAS.","indexacao":"","observacao":"","resultado":"","texto_original":"http://sapl.viscondedoriobranco.mg.leg.br/media/sapl/public/materialegislativa/2025/6556/ind._2025__guilherme.pdf","data_ultima_atualizacao":"2025-06-18T10:00:55.306021-03:00","ip":"","ultima_edicao":null,"tipo":8,"regime_tramitacao":1,"tipo_origem_externa":null,"local_origem_externa":null,"user":null,"anexadas":[],"autores":[78]}