{"id":6521,"__str__":"Indica\u00e7\u00e3o n\u00ba 393 de 2025","link_detail_backend":"/materia/6521","metadata":{"signs":{"texto_original":{"admin":[],"autores":[["Nome do Assinante N\u00e3o Localizado.",["2025-06-05T15:20:16-03:00","Vereador"]]]}}},"numero":393,"ano":2025,"numero_protocolo":6935,"data_apresentacao":"2025-06-05","tipo_apresentacao":"","data_publicacao":null,"numero_origem_externa":"","ano_origem_externa":null,"data_origem_externa":null,"apelido":"","dias_prazo":null,"data_fim_prazo":null,"em_tramitacao":false,"polemica":false,"objeto":"","complementar":false,"ementa":"SUGERE QUE O PODER EXECUTIVO REALIZE A ORGANIZA\u00c7\u00c3O DO TR\u00c2NSITO NAS RUAS AO REDOR DA ESCOLA ESTADUAL DR. CELSO MACHADO, COM PRIORIDADE PARA A PINTURA DE FAIXAS DE PEDESTRES NA RUA SAID SLAIB (LATERAL DA ESCOLA) E NA AVENIDA GOVERNADOR BENEDITO VALADARES (EM SUA FRENTE).","indexacao":"","observacao":"","resultado":"","texto_original":"http://sapl.viscondedoriobranco.mg.leg.br/media/sapl/public/materialegislativa/2025/6521/ind._2025_-_guilherme.pdf","data_ultima_atualizacao":"2025-06-11T15:39:35.776391-03:00","ip":"","ultima_edicao":null,"tipo":8,"regime_tramitacao":1,"tipo_origem_externa":null,"local_origem_externa":null,"user":null,"anexadas":[],"autores":[78]}