{"id":6289,"__str__":"Indica\u00e7\u00e3o n\u00ba 296 de 2025","link_detail_backend":"/materia/6289","metadata":{"signs":{"texto_original":{"admin":[],"autores":[["Jo\u00e3o Batista de Freitas do Nascimento",["2025-04-29T11:21:53-03:00","C\u00e2mara Municipal de Visconde do Rio Branco"]]]}}},"numero":296,"ano":2025,"numero_protocolo":6762,"data_apresentacao":"2025-04-29","tipo_apresentacao":"","data_publicacao":null,"numero_origem_externa":"","ano_origem_externa":null,"data_origem_externa":null,"apelido":"","dias_prazo":null,"data_fim_prazo":null,"em_tramitacao":false,"polemica":false,"objeto":"","complementar":false,"ementa":"SUGERE AO SR. PREFEITO QUE CRIE UM PROGRAMA DE APOIO PSICOL\u00d3GICO A TODOS OS PROFISSIONAIS DE SA\u00daDE DO MUNIC\u00cdPIO.","indexacao":"","observacao":"","resultado":"","texto_original":"http://sapl.viscondedoriobranco.mg.leg.br/media/sapl/public/materialegislativa/2025/6289/ind.______-_2025_-_apoio_psicologico_profissionais_da_saude.pdf","data_ultima_atualizacao":"2025-05-13T10:17:33.476620-03:00","ip":"","ultima_edicao":null,"tipo":8,"regime_tramitacao":1,"tipo_origem_externa":null,"local_origem_externa":null,"user":null,"anexadas":[],"autores":[79]}