{"id":6119,"__str__":"Parecer Agric., Meio Amb., Infra. e Transporte n\u00ba 1 de 2025","link_detail_backend":"/materia/6119","metadata":{"signs":{"texto_original":{"admin":[],"autores":[["Alex Vinicius Coelho",["2025-03-28T08:52:01-03:00","C\u00e2mara Municipal de Visconde do Rio Branco"]],["Jos\u00e9 Silvino Reis de Bittencourt",["2025-03-27T12:54:30-03:00","C\u00e2mara Municipal de Visconde do Rio Branco-MG"]],["Robson-Nei Renier Capobiango",["2025-03-28T08:47:28-03:00","C\u00e2mara Municipal de Visconde do Rio Branco-MG"]]]}}},"numero":1,"ano":2025,"numero_protocolo":null,"data_apresentacao":"2025-03-31","tipo_apresentacao":"E","data_publicacao":"2025-03-31","numero_origem_externa":"","ano_origem_externa":2025,"data_origem_externa":null,"apelido":"","dias_prazo":null,"data_fim_prazo":"2025-03-31","em_tramitacao":true,"polemica":false,"objeto":"","complementar":true,"ementa":"PARECER FAVORAVEL DA COMISS\u00c3O DE AGRICULTURA PLO 2166/2025.","indexacao":"","observacao":"","resultado":"","texto_original":"http://sapl.viscondedoriobranco.mg.leg.br/media/sapl/public/materialegislativa/2025/6119/parecer_ao_projeto_de_lei_ordinario_2166.pdf","data_ultima_atualizacao":"2025-07-10T15:09:47.992547-03:00","ip":"186.225.69.191","ultima_edicao":"2025-07-10T15:09:47.624433-03:00","tipo":21,"regime_tramitacao":1,"tipo_origem_externa":21,"local_origem_externa":null,"user":37,"anexadas":[5843],"autores":[23]}