{"id":6085,"__str__":"Mo\u00e7\u00e3o de Pesar n\u00ba 15 de 2025","link_detail_backend":"/materia/6085","metadata":{"signs":{"texto_original":{"admin":[],"autores":[["Jos\u00e9 Silvino Reis de Bittencourt",["2025-03-26T16:02:48-03:00","C\u00e2mara Municipal de Visconde do Rio Branco-MG"]],["Nome do Assinante N\u00e3o Localizado.",["2025-03-26T15:41:14-03:00","Vereador"]]]}}},"numero":15,"ano":2025,"numero_protocolo":6607,"data_apresentacao":"2025-03-26","tipo_apresentacao":"E","data_publicacao":null,"numero_origem_externa":"","ano_origem_externa":null,"data_origem_externa":null,"apelido":"","dias_prazo":null,"data_fim_prazo":null,"em_tramitacao":false,"polemica":false,"objeto":"","complementar":false,"ementa":"MO\u00c7\u00c3O DE PESAR \u00c0 FAM\u00cdLIA PELO FALECIMENTO DO SR. EDVIN OTTO OCORRIDO EM 26/03/2025.","indexacao":"","observacao":"","resultado":"","texto_original":"http://sapl.viscondedoriobranco.mg.leg.br/media/sapl/public/materialegislativa/2025/6085/mocao_de_pesar__edvin_otto.pdf","data_ultima_atualizacao":"2025-08-08T10:16:41.406387-03:00","ip":"186.225.69.117","ultima_edicao":"2025-03-26T16:47:50.917003-03:00","tipo":7,"regime_tramitacao":1,"tipo_origem_externa":null,"local_origem_externa":null,"user":40,"anexadas":[],"autores":[5]}