{"id":6027,"__str__":"Indica\u00e7\u00e3o n\u00ba 167 de 2025","link_detail_backend":"/materia/6027","metadata":{"signs":{"texto_original":{"admin":[],"autores":[["Robson-Nei Renier Capobiango",["2025-03-17T08:40:58-03:00","C\u00e2mara Municipal de Visconde do Rio Branco-MG"]]]}}},"numero":167,"ano":2025,"numero_protocolo":6558,"data_apresentacao":"2025-03-20","tipo_apresentacao":"","data_publicacao":null,"numero_origem_externa":"","ano_origem_externa":null,"data_origem_externa":null,"apelido":"","dias_prazo":null,"data_fim_prazo":null,"em_tramitacao":false,"polemica":false,"objeto":"","complementar":false,"ementa":"SUGERINDO QUE SEJA FEITA A REFORMA DO CENTRO COMUNIT\u00c1RIO IMACULADA CONCEI\u00c7\u00c3O ONDE ESTA LOCALIZADO O PSF DA SEMENTEIRA","indexacao":"","observacao":"","resultado":"","texto_original":"http://sapl.viscondedoriobranco.mg.leg.br/media/sapl/public/materialegislativa/2025/6027/reforma_psf.pdf","data_ultima_atualizacao":"2025-04-01T09:26:55.659667-03:00","ip":"","ultima_edicao":null,"tipo":8,"regime_tramitacao":1,"tipo_origem_externa":null,"local_origem_externa":null,"user":null,"anexadas":[],"autores":[92]}