{"id":5943,"__str__":"Mo\u00e7\u00e3o de Pesar n\u00ba 11 de 2025","link_detail_backend":"/materia/5943","metadata":{"signs":{"texto_original":{"admin":[],"autores":[["Nome do Assinante N\u00e3o Localizado.",["2025-02-26T08:54:09-03:00","Vereador"]]]}}},"numero":11,"ano":2025,"numero_protocolo":6489,"data_apresentacao":"2025-02-26","tipo_apresentacao":"","data_publicacao":null,"numero_origem_externa":"","ano_origem_externa":null,"data_origem_externa":null,"apelido":"","dias_prazo":null,"data_fim_prazo":null,"em_tramitacao":false,"polemica":false,"objeto":"","complementar":false,"ementa":"MO\u00c7\u00c3O DE PESAR \u00c0 FAM\u00cdLIA PELO FALECIMENTO DO SR. JOS\u00c9 CARDOSO, OCORRIDO EM24/02/2025.","indexacao":"","observacao":"","resultado":"","texto_original":"http://sapl.viscondedoriobranco.mg.leg.br/media/sapl/public/materialegislativa/2025/5943/mocao_pesar__jose_cardoso.pdf","data_ultima_atualizacao":"2025-08-08T10:13:48.380637-03:00","ip":"","ultima_edicao":null,"tipo":7,"regime_tramitacao":1,"tipo_origem_externa":null,"local_origem_externa":null,"user":null,"anexadas":[],"autores":[5]}