{"id":5819,"__str__":"Indica\u00e7\u00e3o n\u00ba 64 de 2025","link_detail_backend":"/materia/5819","metadata":{"signs":{"texto_original":{"admin":[],"autores":[["Nome do Assinante N\u00e3o Localizado.",["2025-01-31T09:02:51-03:00","Vereador"]]]}}},"numero":64,"ano":2025,"numero_protocolo":6386,"data_apresentacao":"2025-01-31","tipo_apresentacao":"","data_publicacao":null,"numero_origem_externa":"","ano_origem_externa":null,"data_origem_externa":null,"apelido":"","dias_prazo":null,"data_fim_prazo":null,"em_tramitacao":false,"polemica":false,"objeto":"","complementar":false,"ementa":"SUGERE AO SENHOR PREFEITO QUE SEJA FEITA A CONSTRU\u00c7\u00c3O DE UM CAL\u00c7AD\u00c3O OU DE CAL\u00c7ADAS NAS RUAS PR\u00d3XIMAS \u00c0 FEIRA LIVRE , QUAIS SEJAM AVENIDA DR CELSO MACHADO E RUA ALTINO PELUSO, AMBAS LOCALIZADAS NO CENTRO DE VISCONDE DO RIO BRANCO.","indexacao":"","observacao":"","resultado":"","texto_original":"http://sapl.viscondedoriobranco.mg.leg.br/media/sapl/public/materialegislativa/2025/5819/ind._2025_gerson_construcao_calcadao.pdf","data_ultima_atualizacao":"2025-02-06T09:17:10.756884-03:00","ip":"","ultima_edicao":null,"tipo":8,"regime_tramitacao":1,"tipo_origem_externa":null,"local_origem_externa":null,"user":null,"anexadas":[],"autores":[5]}