{"id":5788,"__str__":"Parecer Educa\u00e7\u00e3o, Sa\u00fade, Cultura, D.H e Ass. Com. n\u00ba 1 de 2025","link_detail_backend":"/materia/5788","metadata":{"signs":{"texto_original":{"admin":[],"autores":[["Jos\u00e9 Silvino Reis de Bittencourt",["2025-01-28T13:39:25-03:00","C\u00e2mara Municipal de Visconde do Rio Branco-MG"]],["Nome do Assinante N\u00e3o Localizado.",["2025-01-28T11:26:14-03:00","Vereador"]]]}}},"numero":1,"ano":2025,"numero_protocolo":null,"data_apresentacao":"2025-01-28","tipo_apresentacao":"E","data_publicacao":"2025-01-28","numero_origem_externa":"","ano_origem_externa":null,"data_origem_externa":null,"apelido":"","dias_prazo":null,"data_fim_prazo":"2025-01-28","em_tramitacao":true,"polemica":false,"objeto":"","complementar":false,"ementa":"PARECER FAVORAVEL AO PROJETO DE LEI N\u00ba 2151/2025","indexacao":"","observacao":"","resultado":"","texto_original":"http://sapl.viscondedoriobranco.mg.leg.br/media/sapl/public/materialegislativa/2025/5788/parecer_educacao_ao_plo_no_2151.pdf","data_ultima_atualizacao":"2025-06-10T14:15:13.308852-03:00","ip":"186.225.70.119","ultima_edicao":"2025-01-28T16:06:11.753458-03:00","tipo":20,"regime_tramitacao":1,"tipo_origem_externa":null,"local_origem_externa":null,"user":37,"anexadas":[5677],"autores":[26]}