{"id":5733,"__str__":"Indica\u00e7\u00e3o n\u00ba 36 de 2025","link_detail_backend":"/materia/5733","metadata":{"signs":{"texto_original":{"admin":[],"autores":[["Nome do Assinante N\u00e3o Localizado.",["2025-01-20T16:09:55-03:00","Vereador"]]]}}},"numero":36,"ano":2025,"numero_protocolo":6307,"data_apresentacao":"2025-01-16","tipo_apresentacao":"E","data_publicacao":null,"numero_origem_externa":"","ano_origem_externa":null,"data_origem_externa":null,"apelido":"","dias_prazo":null,"data_fim_prazo":null,"em_tramitacao":false,"polemica":false,"objeto":"","complementar":false,"ementa":"SUGERE AO SR.PREFEITO QUE SEJA FEITO MANUTEN\u00c7\u00c3O DE TODAS AS ESTRADAS QUE D\u00c3O ACESSO \u00c0 COMUNIDADE QUILOMBOLA DO BOM JARDIM, PREJUDICADAS PELAS CHUVAS RECENTES E IMPLEMENTE OBRAS DE INFRAESTRUTURA PARA MELHORAR A CAPTA\u00c7\u00c3O E O ESCOAMENTO DA \u00c1GUA PLUVIAL NAS VIAS.","indexacao":"","observacao":"","resultado":"","texto_original":"http://sapl.viscondedoriobranco.mg.leg.br/media/sapl/public/materialegislativa/2025/5733/ind._36-2025_-_guilherme.pdf","data_ultima_atualizacao":"2025-01-23T14:12:28.902886-03:00","ip":"186.225.70.119","ultima_edicao":"2025-01-21T08:44:42.215190-03:00","tipo":8,"regime_tramitacao":1,"tipo_origem_externa":null,"local_origem_externa":null,"user":35,"anexadas":[],"autores":[78]}