{"id":5620,"__str__":"Indica\u00e7\u00e3o n\u00ba 474 de 2024","link_detail_backend":"/materia/5620","metadata":{"signs":{"texto_original":{"admin":[],"autores":[["Nome do Assinante N\u00e3o Localizado.",["2024-12-05T16:36:44-03:00","Vereador"]]]}}},"numero":474,"ano":2024,"numero_protocolo":6193,"data_apresentacao":"2024-12-05","tipo_apresentacao":"E","data_publicacao":null,"numero_origem_externa":"","ano_origem_externa":null,"data_origem_externa":null,"apelido":"","dias_prazo":null,"data_fim_prazo":null,"em_tramitacao":true,"polemica":false,"objeto":"","complementar":false,"ementa":"SUGERE SR. PREFEITO QUE AS L\u00c2MPADAS QUE EST\u00c3O SENDO SUBSTITU\u00cdDAS POR LED, SEJAM REUTILIZADAS NA ZONA RURAL.","indexacao":"","observacao":"","resultado":"","texto_original":"http://sapl.viscondedoriobranco.mg.leg.br/media/sapl/public/materialegislativa/2024/5620/ind._no_474-2024_-_joao_batista.pdf","data_ultima_atualizacao":"2025-02-06T14:18:20.698763-03:00","ip":"186.225.70.30","ultima_edicao":"2025-01-13T10:48:54.485526-03:00","tipo":8,"regime_tramitacao":1,"tipo_origem_externa":null,"local_origem_externa":null,"user":35,"anexadas":[],"autores":[79]}