{"id":5596,"__str__":"Indica\u00e7\u00e3o n\u00ba 460 de 2024","link_detail_backend":"/materia/5596","metadata":{"signs":{"texto_original":{"admin":[],"autores":[["Nome do Assinante N\u00e3o Localizado.",["2024-11-28T16:23:48-03:00","Vereador"]]]}}},"numero":460,"ano":2024,"numero_protocolo":6169,"data_apresentacao":"2024-11-28","tipo_apresentacao":"E","data_publicacao":null,"numero_origem_externa":"","ano_origem_externa":null,"data_origem_externa":null,"apelido":"","dias_prazo":null,"data_fim_prazo":null,"em_tramitacao":true,"polemica":false,"objeto":"","complementar":false,"ementa":"SUGERE AO SR. PREFEITO QUE COLOQUE PLANILHAS DOS HOR\u00c1RIOS DOS \u00d4NIBUS MUNICIPAIS E INTERMUNICIPAIS NOS PAIN\u00c9IS ILUMINADOS, J\u00c1 INSTALADOS PELA PREFEITURA, NAS PROXIMIDADES DOS PONTOS DE \u00d4NIBUS, E QUE SEJAM ATUALIZADOS CASO HAJA ALTERA\u00c7\u00d5ES NOS HOR\u00c1RIOS.","indexacao":"","observacao":"","resultado":"","texto_original":"http://sapl.viscondedoriobranco.mg.leg.br/media/sapl/public/materialegislativa/2024/5596/ind._no_460-2024_-_joao_batista.pdf","data_ultima_atualizacao":"2025-02-06T14:18:19.131672-03:00","ip":"186.225.70.27","ultima_edicao":"2024-11-28T16:44:22.937521-03:00","tipo":8,"regime_tramitacao":1,"tipo_origem_externa":null,"local_origem_externa":null,"user":35,"anexadas":[],"autores":[79]}