{"id":5380,"__str__":"Requerimento n\u00ba 45 de 2024","link_detail_backend":"/materia/5380","metadata":{"signs":{"texto_original":{"admin":[],"autores":[["Nome do Assinante N\u00e3o Localizado.",["2024-08-19T09:46:53-03:00","Vereador"]]]}}},"numero":45,"ano":2024,"numero_protocolo":5948,"data_apresentacao":"2024-08-15","tipo_apresentacao":"O","data_publicacao":null,"numero_origem_externa":"","ano_origem_externa":null,"data_origem_externa":null,"apelido":"","dias_prazo":null,"data_fim_prazo":null,"em_tramitacao":false,"polemica":false,"objeto":"","complementar":false,"ementa":"REQUER AO SR. PREFEITO AS SEGUINTES INFORMA\u00c7\u00d5ES:\r\n1- QUAL MOTIVO QUE O CAMINH\u00c3O MARCA IVECO DOADO PELO GOVERNO DE MINAS GERAIS N\u00c3O ESTA SENDO UTILIZADO PARA PRESTA\u00c7\u00c3O DE SERVI\u00c7OS A POPULA\u00c7\u00c3O DE VISCONDE DO RIO BRANCO?\r\n2- E O MOTIVO DESTE VEICULO N\u00c3O ESTA EMPLACADO?","indexacao":"","observacao":"","resultado":"","texto_original":"http://sapl.viscondedoriobranco.mg.leg.br/media/sapl/public/materialegislativa/2024/5380/req._no_45-2024-alex.pdf","data_ultima_atualizacao":"2024-08-22T16:26:40.959429-03:00","ip":"186.225.69.170","ultima_edicao":"2024-08-20T14:19:15.223735-03:00","tipo":3,"regime_tramitacao":1,"tipo_origem_externa":null,"local_origem_externa":null,"user":35,"anexadas":[],"autores":[16]}