{"id":5167,"__str__":"Projeto de Lei Ordin\u00e1ria n\u00ba 2103 de 2024","link_detail_backend":"/materia/5167","metadata":{"signs":{"texto_original":{"admin":[],"autores":[["Marinho Jos\u00e9 de Almeida Neto",["2024-06-05T09:59:03-03:00","C\u00e2mara Municipal de Visconde do Rio Branco"]]]}}},"numero":2103,"ano":2024,"numero_protocolo":5771,"data_apresentacao":"2024-05-29","tipo_apresentacao":"E","data_publicacao":null,"numero_origem_externa":"","ano_origem_externa":null,"data_origem_externa":null,"apelido":"","dias_prazo":null,"data_fim_prazo":null,"em_tramitacao":false,"polemica":false,"objeto":"","complementar":false,"ementa":"RECONHECE \u00c0S PESSOAS COM FIBROMIALGIA OS MESMOS, DIREITOS E GARANTIAS DAS PESSOAS COM DEFICI\u00caNCIA NO MUNIC\u00cdPIO DE VISCONDE DO RIO BRANCO-MG.","indexacao":"","observacao":"","resultado":"","texto_original":"http://sapl.viscondedoriobranco.mg.leg.br/media/sapl/public/materialegislativa/2024/5167/projeto_de_lei_no_2103-2024-marinho.pdf","data_ultima_atualizacao":"2024-06-21T10:57:03.797498-03:00","ip":"186.225.70.227","ultima_edicao":"2024-06-07T15:35:16.426991-03:00","tipo":1,"regime_tramitacao":1,"tipo_origem_externa":null,"local_origem_externa":null,"user":35,"anexadas":[5216],"autores":[30]}