{"id":5153,"__str__":"Indica\u00e7\u00e3o n\u00ba 223 de 2024","link_detail_backend":"/materia/5153","metadata":{"signs":{"texto_original":{"admin":[],"autores":[["Nome do Assinante N\u00e3o Localizado.",["2024-05-28T10:13:58-03:00","Vereador"]]]}}},"numero":223,"ano":2024,"numero_protocolo":5757,"data_apresentacao":"2024-05-27","tipo_apresentacao":"E","data_publicacao":null,"numero_origem_externa":"","ano_origem_externa":null,"data_origem_externa":null,"apelido":"","dias_prazo":null,"data_fim_prazo":null,"em_tramitacao":false,"polemica":false,"objeto":"","complementar":false,"ementa":"SUGERE AO SR. PREFEITO QUE FA\u00c7A MANUTEN\u00c7\u00c3O GERAL DA PRA\u00c7A S\u00c3O SEBASTI\u00c3O, NO BARREIRO.","indexacao":"","observacao":"","resultado":"","texto_original":"http://sapl.viscondedoriobranco.mg.leg.br/media/sapl/public/materialegislativa/2024/5153/ind._no_223_pedro.pdf","data_ultima_atualizacao":"2024-06-10T09:27:08.674114-03:00","ip":"186.225.70.227","ultima_edicao":"2024-06-04T15:20:09.909154-03:00","tipo":8,"regime_tramitacao":1,"tipo_origem_externa":null,"local_origem_externa":null,"user":35,"anexadas":[],"autores":[81]}