{"id":5078,"__str__":"Requerimento n\u00ba 23 de 2024","link_detail_backend":"/materia/5078","metadata":{"signs":{"texto_original":{"admin":[],"autores":[["Nome do Assinante N\u00e3o Localizado.",["2024-05-14T14:33:52-03:00","Vereador"]]]}}},"numero":23,"ano":2024,"numero_protocolo":5692,"data_apresentacao":"2024-05-02","tipo_apresentacao":"E","data_publicacao":null,"numero_origem_externa":"","ano_origem_externa":null,"data_origem_externa":null,"apelido":"","dias_prazo":null,"data_fim_prazo":null,"em_tramitacao":false,"polemica":false,"objeto":"","complementar":false,"ementa":"REQUER AO SR. PREFEITO INFORMA\u00c7\u00d5ES SOBRE IMPLANTA\u00c7\u00c3O DA GEST\u00c3O PLENA DE SA\u00daDE.","indexacao":"","observacao":"","resultado":"","texto_original":"http://sapl.viscondedoriobranco.mg.leg.br/media/sapl/public/materialegislativa/2024/5078/req._no_23_-_guilherme.pdf","data_ultima_atualizacao":"2024-05-24T08:55:09.134658-03:00","ip":"186.225.69.50","ultima_edicao":"2024-05-24T08:55:08.790543-03:00","tipo":3,"regime_tramitacao":1,"tipo_origem_externa":null,"local_origem_externa":null,"user":35,"anexadas":[],"autores":[78]}