{"id":4983,"__str__":"Parecer Legisla\u00e7\u00e3o, Justi\u00e7a e Reda\u00e7\u00e3o Final n\u00ba 1791 de 2024","link_detail_backend":"/materia/4983","metadata":{"signs":{"texto_original":{"admin":[],"autores":[["Nome do Assinante N\u00e3o Localizado.",["2024-04-04T13:19:37-03:00","Vereador"]]]}}},"numero":1791,"ano":2024,"numero_protocolo":null,"data_apresentacao":"2024-04-04","tipo_apresentacao":"E","data_publicacao":null,"numero_origem_externa":"","ano_origem_externa":null,"data_origem_externa":null,"apelido":"","dias_prazo":null,"data_fim_prazo":"2024-04-04","em_tramitacao":false,"polemica":false,"objeto":"","complementar":false,"ementa":"PARECER AO PROJETO DE LEI N\u00b02072","indexacao":"","observacao":"","resultado":"","texto_original":"http://sapl.viscondedoriobranco.mg.leg.br/media/sapl/public/materialegislativa/2024/4983/ljrf_parecer_ao_pjo_no_2072-2024.pdf","data_ultima_atualizacao":"2025-02-06T09:56:49.166081-03:00","ip":"186.225.70.111","ultima_edicao":"2024-04-04T13:37:05.081412-03:00","tipo":10,"regime_tramitacao":1,"tipo_origem_externa":null,"local_origem_externa":null,"user":42,"anexadas":[],"autores":[]}