{"id":3018,"__str__":"Indica\u00e7\u00e3o n\u00ba 349 de 2021","link_detail_backend":"/materia/3018","metadata":{},"numero":349,"ano":2021,"numero_protocolo":null,"data_apresentacao":"2021-10-06","tipo_apresentacao":"E","data_publicacao":null,"numero_origem_externa":"","ano_origem_externa":null,"data_origem_externa":null,"apelido":"","dias_prazo":null,"data_fim_prazo":null,"em_tramitacao":false,"polemica":false,"objeto":"","complementar":false,"ementa":"SOLICITA AO SR. PREFEITO QUE SEJA FEITO MELHORIAS NA CAPTA\u00c7\u00c3O DAS \u00c1GUAS PLUVIAIS EM TODA EXTENS\u00c3O NA RUA S\u00c3O JOS\u00c9 E JOS\u00c9 TEIXEIRA DE OLIVEIRA PRIMO.","indexacao":"","observacao":"","resultado":"","texto_original":"http://sapl.viscondedoriobranco.mg.leg.br/media/sapl/public/materialegislativa/2021/3018/ind._349-2021_-_carlos_antonio.pdf","data_ultima_atualizacao":"2021-11-04T10:28:56.423590-03:00","ip":"186.225.76.194","ultima_edicao":"2021-11-04T10:28:56.177303-03:00","tipo":8,"regime_tramitacao":1,"tipo_origem_externa":null,"local_origem_externa":null,"user":35,"anexadas":[],"autores":[35]}