{"id":2470,"__str__":"Indica\u00e7\u00e3o n\u00ba 29 de 2021","link_detail_backend":"/materia/2470","metadata":{},"numero":29,"ano":2021,"numero_protocolo":4592,"data_apresentacao":"2021-01-15","tipo_apresentacao":"E","data_publicacao":null,"numero_origem_externa":"","ano_origem_externa":null,"data_origem_externa":null,"apelido":"","dias_prazo":null,"data_fim_prazo":null,"em_tramitacao":false,"polemica":false,"objeto":"","complementar":false,"ementa":"SOLICITA AO EXECUTIVO QUE FA\u00c7A O RECAPEAMENTO ASF\u00c1LTICO EM CAR\u00c1TER DE URG\u00caNCIA NA RUA DOUTRO ULISSES FERREIRA, BAIRRO DULCILIA CARONE.","indexacao":"","observacao":"","resultado":"","texto_original":"http://sapl.viscondedoriobranco.mg.leg.br/media/sapl/public/materialegislativa/2021/2470/ind._29-2021_-__carlos_antonio.pdf","data_ultima_atualizacao":"2021-02-09T14:51:20.865130-03:00","ip":"186.225.66.59","ultima_edicao":"2021-01-27T16:39:39.859478-03:00","tipo":8,"regime_tramitacao":1,"tipo_origem_externa":null,"local_origem_externa":null,"user":35,"anexadas":[],"autores":[35]}