{"id":64,"__str__":"Agricultura, Meio Ambiente, Infraestrutura","link_detail_backend":"/comissao/reuniao/64","metadata":{"signs":{"upload_ata":{"admin":[],"autores":[["Cl\u00e1udio Roberto de Castro",["2025-09-11T09:19:11-03:00","C\u00e2mara Municipal de Visconde do Rio Branco-MG"]],["Luciano Pereira",["2025-09-11T09:50:10-03:00","C\u00e2mara Municipal de Visconde do Rio Branco-MG"]],["Marcus Vinicius Fonseca Vieira",["2025-09-10T15:57:30-03:00","C\u00e2mara Municipal de Visconde do Rio Branco-MG"]],["Maria Izabel Martins Crovato",["2025-09-11T09:42:05-03:00","C\u00e2mara Municipal de Visconde do Rio Branco-MG"]],["Nome do Assinante N\u00e3o Localizado.",["2025-09-10T15:30:28-03:00","Vereador"]],["Robson-Nei Renier Capobiango",["2025-09-12T08:51:23-03:00","C\u00e2mara Municipal de Visconde do Rio Branco-MG"]]]}}},"numero":11,"nome":"Agricultura, Meio Ambiente, Infraestrutura","tema":"Fumprev","data":"2025-09-12","hora_inicio":"09:36:00","hora_fim":null,"local_reuniao":"Plenarinho Dr. Jair Roberto Da Silva","observacao":"","url_audio":"","url_video":"","upload_pauta":null,"upload_ata":"http://sapl.viscondedoriobranco.mg.leg.br/media/sapl/public/reuniao/64/ata/ata_n_o41.pdf","upload_anexo":null,"periodo":7,"comissao":4}